{"id":3638,"date":"2010-01-05T01:57:58","date_gmt":"2010-01-05T00:57:58","guid":{"rendered":"http:\/\/www.desmm.com\/?p=514"},"modified":"2013-12-16T16:38:57","modified_gmt":"2013-12-16T16:38:57","slug":"subspeak-un-cms-per-porfolio-dei-web-designer","status":"publish","type":"post","link":"https:\/\/www.desmm.com\/blog\/subspeak-un-cms-per-porfolio-dei-web-designer-3638.html","title":{"rendered":"Subspeak: un CMS per porfolio dei web designer"},"content":{"rendered":"<p>Il <strong>portfolio<\/strong> per un <strong>designer<\/strong>, come si pu\u00f2 ben immaginare, \u00e8 fondamentale per far conoscere ai clienti o futuri datori di lavoro il nostro stile capacit\u00e0 ed esperienza. In passato per chi come me (anche se per poco) ha iniziato con la grafica pubblicitaria, si ricorder\u00e0 le cartelle piene di stampe e <strong>bozzetti<\/strong> ben impaginati. Nell&#8217;era attuale un portfolio ha molte pi\u00f9 probabilit\u00e0 di essere visto se pubblicato direttamente online.<img loading=\"lazy\" decoding=\"async\" class=\"alignnone size-full wp-image-515\" title=\"subspeak\" alt=\"subspeak\" src=\"http:\/\/www.desmm.com\/wp-content\/uploads\/2010\/01\/subspeak.jpg\" width=\"500\" height=\"298\" \/><!--more-->E dato che devo rinnovare anche il mio portfolio sto attendendo l&#8217;uscita di <a href=\"http:\/\/subspeak.com\/\">subspeak<\/a>, un CMS dedicato alla creazione del proprio portfolio. Per ora non si sa molto anzi nulla se non la data di uscita, gennaio 2010. Non ci rimane che attendere per valutare la validit\u00e0 di questo strumento per i <strong>portfolio<\/strong> dei <strong>web designer<\/strong>.<\/p>\n","protected":false},"excerpt":{"rendered":"<p>Il portfolio per un designer, come si pu\u00f2 ben immaginare, \u00e8 fondamentale per far conoscere ai clienti o futuri datori di lavoro il nostro stile capacit\u00e0 ed esperienza. In passato per chi come me (anche se per poco) ha iniziato con la grafica pubblicitaria, si ricorder\u00e0 le cartelle piene di stampe e bozzetti ben impaginati.&hellip;&nbsp;<a href=\"https:\/\/www.desmm.com\/blog\/subspeak-un-cms-per-porfolio-dei-web-designer-3638.html\" class=\"\" rel=\"bookmark\">Leggi tutto &raquo;<span class=\"screen-reader-text\">Subspeak: un CMS per porfolio dei web designer<\/span><\/a><\/p>\n","protected":false},"author":1,"featured_media":515,"comment_status":"open","ping_status":"open","sticky":false,"template":"","format":"image","meta":{"neve_meta_sidebar":"","neve_meta_container":"","neve_meta_enable_content_width":"","neve_meta_content_width":0,"neve_meta_title_alignment":"","neve_meta_author_avatar":"","neve_post_elements_order":"","neve_meta_disable_header":"","neve_meta_disable_footer":"","neve_meta_disable_title":"","footnotes":""},"categories":[1],"tags":[56,279],"class_list":["post-3638","post","type-post","status-publish","format-image","has-post-thumbnail","hentry","category-archivio","tag-cms","tag-web-design","post_format-post-format-image"],"yoast_head":"<!-- This site is optimized with the Yoast SEO plugin v27.3 - https:\/\/yoast.com\/product\/yoast-seo-wordpress\/ -->\n<title>Subspeak: un CMS per porfolio dei web designer &#8212; Design Multimedia<\/title>\n<meta name=\"robots\" content=\"index, follow, max-snippet:-1, max-image-preview:large, max-video-preview:-1\" \/>\n<link rel=\"canonical\" href=\"https:\/\/www.desmm.com\/blog\/subspeak-un-cms-per-porfolio-dei-web-designer-3638.html\" \/>\n<meta property=\"og:locale\" content=\"it_IT\" \/>\n<meta property=\"og:type\" content=\"article\" \/>\n<meta property=\"og:title\" content=\"Subspeak: un CMS per porfolio dei web designer &#8212; Design Multimedia\" \/>\n<meta property=\"og:description\" content=\"Il portfolio per un designer, come si pu\u00f2 ben immaginare, \u00e8 fondamentale per far conoscere ai clienti o futuri datori di lavoro il nostro stile capacit\u00e0 ed esperienza. In passato per chi come me (anche se per poco) ha iniziato con la grafica pubblicitaria, si ricorder\u00e0 le cartelle piene di stampe e bozzetti ben impaginati.&hellip;&nbsp;Leggi tutto &raquo;Subspeak: un CMS per porfolio dei web designer\" \/>\n<meta property=\"og:url\" content=\"https:\/\/www.desmm.com\/blog\/subspeak-un-cms-per-porfolio-dei-web-designer-3638.html\" \/>\n<meta property=\"og:site_name\" content=\"Design Multimedia\" \/>\n<meta property=\"article:publisher\" content=\"https:\/\/www.facebook.com\/mastromarinomassimo\" \/>\n<meta property=\"article:author\" content=\"https:\/\/www.facebook.com\/mastromarinomassimo\" \/>\n<meta property=\"article:published_time\" content=\"2010-01-05T00:57:58+00:00\" \/>\n<meta property=\"article:modified_time\" content=\"2013-12-16T16:38:57+00:00\" \/>\n<meta name=\"author\" content=\"Massimo Mastromarino\" \/>\n<meta name=\"twitter:label1\" content=\"Scritto da\" \/>\n\t<meta name=\"twitter:data1\" content=\"Massimo Mastromarino\" \/>\n\t<meta name=\"twitter:label2\" content=\"Tempo di lettura stimato\" \/>\n\t<meta name=\"twitter:data2\" content=\"1 minuto\" \/>\n<script type=\"application\/ld+json\" class=\"yoast-schema-graph\">{\"@context\":\"https:\\\/\\\/schema.org\",\"@graph\":[{\"@type\":\"Article\",\"@id\":\"https:\\\/\\\/www.desmm.com\\\/blog\\\/subspeak-un-cms-per-porfolio-dei-web-designer-3638.html#article\",\"isPartOf\":{\"@id\":\"https:\\\/\\\/www.desmm.com\\\/blog\\\/subspeak-un-cms-per-porfolio-dei-web-designer-3638.html\"},\"author\":{\"name\":\"Massimo Mastromarino\",\"@id\":\"https:\\\/\\\/www.desmm.com\\\/blog\\\/#\\\/schema\\\/person\\\/a7ab14a3628e686b497dd4af81817156\"},\"headline\":\"Subspeak: un CMS per porfolio dei web designer\",\"datePublished\":\"2010-01-05T00:57:58+00:00\",\"dateModified\":\"2013-12-16T16:38:57+00:00\",\"mainEntityOfPage\":{\"@id\":\"https:\\\/\\\/www.desmm.com\\\/blog\\\/subspeak-un-cms-per-porfolio-dei-web-designer-3638.html\"},\"wordCount\":134,\"commentCount\":8,\"publisher\":{\"@id\":\"https:\\\/\\\/www.desmm.com\\\/blog\\\/#\\\/schema\\\/person\\\/a7ab14a3628e686b497dd4af81817156\"},\"image\":{\"@id\":\"https:\\\/\\\/www.desmm.com\\\/blog\\\/subspeak-un-cms-per-porfolio-dei-web-designer-3638.html#primaryimage\"},\"thumbnailUrl\":\"\",\"keywords\":[\"cms\",\"web design\"],\"articleSection\":[\"Archivio\"],\"inLanguage\":\"it-IT\",\"potentialAction\":[{\"@type\":\"CommentAction\",\"name\":\"Comment\",\"target\":[\"https:\\\/\\\/www.desmm.com\\\/blog\\\/subspeak-un-cms-per-porfolio-dei-web-designer-3638.html#respond\"]}]},{\"@type\":\"WebPage\",\"@id\":\"https:\\\/\\\/www.desmm.com\\\/blog\\\/subspeak-un-cms-per-porfolio-dei-web-designer-3638.html\",\"url\":\"https:\\\/\\\/www.desmm.com\\\/blog\\\/subspeak-un-cms-per-porfolio-dei-web-designer-3638.html\",\"name\":\"Subspeak: un CMS per porfolio dei web designer &#8212; Design Multimedia\",\"isPartOf\":{\"@id\":\"https:\\\/\\\/www.desmm.com\\\/blog\\\/#website\"},\"primaryImageOfPage\":{\"@id\":\"https:\\\/\\\/www.desmm.com\\\/blog\\\/subspeak-un-cms-per-porfolio-dei-web-designer-3638.html#primaryimage\"},\"image\":{\"@id\":\"https:\\\/\\\/www.desmm.com\\\/blog\\\/subspeak-un-cms-per-porfolio-dei-web-designer-3638.html#primaryimage\"},\"thumbnailUrl\":\"\",\"datePublished\":\"2010-01-05T00:57:58+00:00\",\"dateModified\":\"2013-12-16T16:38:57+00:00\",\"breadcrumb\":{\"@id\":\"https:\\\/\\\/www.desmm.com\\\/blog\\\/subspeak-un-cms-per-porfolio-dei-web-designer-3638.html#breadcrumb\"},\"inLanguage\":\"it-IT\",\"potentialAction\":[{\"@type\":\"ReadAction\",\"target\":[\"https:\\\/\\\/www.desmm.com\\\/blog\\\/subspeak-un-cms-per-porfolio-dei-web-designer-3638.html\"]}]},{\"@type\":\"ImageObject\",\"inLanguage\":\"it-IT\",\"@id\":\"https:\\\/\\\/www.desmm.com\\\/blog\\\/subspeak-un-cms-per-porfolio-dei-web-designer-3638.html#primaryimage\",\"url\":\"\",\"contentUrl\":\"\"},{\"@type\":\"BreadcrumbList\",\"@id\":\"https:\\\/\\\/www.desmm.com\\\/blog\\\/subspeak-un-cms-per-porfolio-dei-web-designer-3638.html#breadcrumb\",\"itemListElement\":[{\"@type\":\"ListItem\",\"position\":1,\"name\":\"Home\",\"item\":\"https:\\\/\\\/www.desmm.com\\\/blog\"},{\"@type\":\"ListItem\",\"position\":2,\"name\":\"Subspeak: un CMS per porfolio dei web designer\"}]},{\"@type\":\"WebSite\",\"@id\":\"https:\\\/\\\/www.desmm.com\\\/blog\\\/#website\",\"url\":\"https:\\\/\\\/www.desmm.com\\\/blog\\\/\",\"name\":\"Design Multimedia\",\"description\":\"design inspiration blog\",\"publisher\":{\"@id\":\"https:\\\/\\\/www.desmm.com\\\/blog\\\/#\\\/schema\\\/person\\\/a7ab14a3628e686b497dd4af81817156\"},\"potentialAction\":[{\"@type\":\"SearchAction\",\"target\":{\"@type\":\"EntryPoint\",\"urlTemplate\":\"https:\\\/\\\/www.desmm.com\\\/blog\\\/?s={search_term_string}\"},\"query-input\":{\"@type\":\"PropertyValueSpecification\",\"valueRequired\":true,\"valueName\":\"search_term_string\"}}],\"inLanguage\":\"it-IT\"},{\"@type\":[\"Person\",\"Organization\"],\"@id\":\"https:\\\/\\\/www.desmm.com\\\/blog\\\/#\\\/schema\\\/person\\\/a7ab14a3628e686b497dd4af81817156\",\"name\":\"Massimo Mastromarino\",\"image\":{\"@type\":\"ImageObject\",\"inLanguage\":\"it-IT\",\"@id\":\"https:\\\/\\\/secure.gravatar.com\\\/avatar\\\/aafebde2159dc668c566c09f75e4a5ba861a88dd27c448472735e83b75d071a8?s=96&d=mm&r=g\",\"url\":\"https:\\\/\\\/secure.gravatar.com\\\/avatar\\\/aafebde2159dc668c566c09f75e4a5ba861a88dd27c448472735e83b75d071a8?s=96&d=mm&r=g\",\"contentUrl\":\"https:\\\/\\\/secure.gravatar.com\\\/avatar\\\/aafebde2159dc668c566c09f75e4a5ba861a88dd27c448472735e83b75d071a8?s=96&d=mm&r=g\",\"caption\":\"Massimo Mastromarino\"},\"logo\":{\"@id\":\"https:\\\/\\\/secure.gravatar.com\\\/avatar\\\/aafebde2159dc668c566c09f75e4a5ba861a88dd27c448472735e83b75d071a8?s=96&d=mm&r=g\"},\"sameAs\":[\"https:\\\/\\\/www.facebook.com\\\/mastromarinomassimo\",\"https:\\\/\\\/x.com\\\/desmm\"]}]}<\/script>\n<!-- \/ Yoast SEO plugin. -->","yoast_head_json":{"title":"Subspeak: un CMS per porfolio dei web designer &#8212; Design Multimedia","robots":{"index":"index","follow":"follow","max-snippet":"max-snippet:-1","max-image-preview":"max-image-preview:large","max-video-preview":"max-video-preview:-1"},"canonical":"https:\/\/www.desmm.com\/blog\/subspeak-un-cms-per-porfolio-dei-web-designer-3638.html","og_locale":"it_IT","og_type":"article","og_title":"Subspeak: un CMS per porfolio dei web designer &#8212; Design Multimedia","og_description":"Il portfolio per un designer, come si pu\u00f2 ben immaginare, \u00e8 fondamentale per far conoscere ai clienti o futuri datori di lavoro il nostro stile capacit\u00e0 ed esperienza. In passato per chi come me (anche se per poco) ha iniziato con la grafica pubblicitaria, si ricorder\u00e0 le cartelle piene di stampe e bozzetti ben impaginati.&hellip;&nbsp;Leggi tutto &raquo;Subspeak: un CMS per porfolio dei web designer","og_url":"https:\/\/www.desmm.com\/blog\/subspeak-un-cms-per-porfolio-dei-web-designer-3638.html","og_site_name":"Design Multimedia","article_publisher":"https:\/\/www.facebook.com\/mastromarinomassimo","article_author":"https:\/\/www.facebook.com\/mastromarinomassimo","article_published_time":"2010-01-05T00:57:58+00:00","article_modified_time":"2013-12-16T16:38:57+00:00","author":"Massimo Mastromarino","twitter_misc":{"Scritto da":"Massimo Mastromarino","Tempo di lettura stimato":"1 minuto"},"schema":{"@context":"https:\/\/schema.org","@graph":[{"@type":"Article","@id":"https:\/\/www.desmm.com\/blog\/subspeak-un-cms-per-porfolio-dei-web-designer-3638.html#article","isPartOf":{"@id":"https:\/\/www.desmm.com\/blog\/subspeak-un-cms-per-porfolio-dei-web-designer-3638.html"},"author":{"name":"Massimo Mastromarino","@id":"https:\/\/www.desmm.com\/blog\/#\/schema\/person\/a7ab14a3628e686b497dd4af81817156"},"headline":"Subspeak: un CMS per porfolio dei web designer","datePublished":"2010-01-05T00:57:58+00:00","dateModified":"2013-12-16T16:38:57+00:00","mainEntityOfPage":{"@id":"https:\/\/www.desmm.com\/blog\/subspeak-un-cms-per-porfolio-dei-web-designer-3638.html"},"wordCount":134,"commentCount":8,"publisher":{"@id":"https:\/\/www.desmm.com\/blog\/#\/schema\/person\/a7ab14a3628e686b497dd4af81817156"},"image":{"@id":"https:\/\/www.desmm.com\/blog\/subspeak-un-cms-per-porfolio-dei-web-designer-3638.html#primaryimage"},"thumbnailUrl":"","keywords":["cms","web design"],"articleSection":["Archivio"],"inLanguage":"it-IT","potentialAction":[{"@type":"CommentAction","name":"Comment","target":["https:\/\/www.desmm.com\/blog\/subspeak-un-cms-per-porfolio-dei-web-designer-3638.html#respond"]}]},{"@type":"WebPage","@id":"https:\/\/www.desmm.com\/blog\/subspeak-un-cms-per-porfolio-dei-web-designer-3638.html","url":"https:\/\/www.desmm.com\/blog\/subspeak-un-cms-per-porfolio-dei-web-designer-3638.html","name":"Subspeak: un CMS per porfolio dei web designer &#8212; Design Multimedia","isPartOf":{"@id":"https:\/\/www.desmm.com\/blog\/#website"},"primaryImageOfPage":{"@id":"https:\/\/www.desmm.com\/blog\/subspeak-un-cms-per-porfolio-dei-web-designer-3638.html#primaryimage"},"image":{"@id":"https:\/\/www.desmm.com\/blog\/subspeak-un-cms-per-porfolio-dei-web-designer-3638.html#primaryimage"},"thumbnailUrl":"","datePublished":"2010-01-05T00:57:58+00:00","dateModified":"2013-12-16T16:38:57+00:00","breadcrumb":{"@id":"https:\/\/www.desmm.com\/blog\/subspeak-un-cms-per-porfolio-dei-web-designer-3638.html#breadcrumb"},"inLanguage":"it-IT","potentialAction":[{"@type":"ReadAction","target":["https:\/\/www.desmm.com\/blog\/subspeak-un-cms-per-porfolio-dei-web-designer-3638.html"]}]},{"@type":"ImageObject","inLanguage":"it-IT","@id":"https:\/\/www.desmm.com\/blog\/subspeak-un-cms-per-porfolio-dei-web-designer-3638.html#primaryimage","url":"","contentUrl":""},{"@type":"BreadcrumbList","@id":"https:\/\/www.desmm.com\/blog\/subspeak-un-cms-per-porfolio-dei-web-designer-3638.html#breadcrumb","itemListElement":[{"@type":"ListItem","position":1,"name":"Home","item":"https:\/\/www.desmm.com\/blog"},{"@type":"ListItem","position":2,"name":"Subspeak: un CMS per porfolio dei web designer"}]},{"@type":"WebSite","@id":"https:\/\/www.desmm.com\/blog\/#website","url":"https:\/\/www.desmm.com\/blog\/","name":"Design Multimedia","description":"design inspiration blog","publisher":{"@id":"https:\/\/www.desmm.com\/blog\/#\/schema\/person\/a7ab14a3628e686b497dd4af81817156"},"potentialAction":[{"@type":"SearchAction","target":{"@type":"EntryPoint","urlTemplate":"https:\/\/www.desmm.com\/blog\/?s={search_term_string}"},"query-input":{"@type":"PropertyValueSpecification","valueRequired":true,"valueName":"search_term_string"}}],"inLanguage":"it-IT"},{"@type":["Person","Organization"],"@id":"https:\/\/www.desmm.com\/blog\/#\/schema\/person\/a7ab14a3628e686b497dd4af81817156","name":"Massimo Mastromarino","image":{"@type":"ImageObject","inLanguage":"it-IT","@id":"https:\/\/secure.gravatar.com\/avatar\/aafebde2159dc668c566c09f75e4a5ba861a88dd27c448472735e83b75d071a8?s=96&d=mm&r=g","url":"https:\/\/secure.gravatar.com\/avatar\/aafebde2159dc668c566c09f75e4a5ba861a88dd27c448472735e83b75d071a8?s=96&d=mm&r=g","contentUrl":"https:\/\/secure.gravatar.com\/avatar\/aafebde2159dc668c566c09f75e4a5ba861a88dd27c448472735e83b75d071a8?s=96&d=mm&r=g","caption":"Massimo Mastromarino"},"logo":{"@id":"https:\/\/secure.gravatar.com\/avatar\/aafebde2159dc668c566c09f75e4a5ba861a88dd27c448472735e83b75d071a8?s=96&d=mm&r=g"},"sameAs":["https:\/\/www.facebook.com\/mastromarinomassimo","https:\/\/x.com\/desmm"]}]}},"_links":{"self":[{"href":"https:\/\/www.desmm.com\/blog\/wp-json\/wp\/v2\/posts\/3638","targetHints":{"allow":["GET"]}}],"collection":[{"href":"https:\/\/www.desmm.com\/blog\/wp-json\/wp\/v2\/posts"}],"about":[{"href":"https:\/\/www.desmm.com\/blog\/wp-json\/wp\/v2\/types\/post"}],"author":[{"embeddable":true,"href":"https:\/\/www.desmm.com\/blog\/wp-json\/wp\/v2\/users\/1"}],"replies":[{"embeddable":true,"href":"https:\/\/www.desmm.com\/blog\/wp-json\/wp\/v2\/comments?post=3638"}],"version-history":[{"count":1,"href":"https:\/\/www.desmm.com\/blog\/wp-json\/wp\/v2\/posts\/3638\/revisions"}],"predecessor-version":[{"id":3665,"href":"https:\/\/www.desmm.com\/blog\/wp-json\/wp\/v2\/posts\/3638\/revisions\/3665"}],"wp:featuredmedia":[{"embeddable":true,"href":"https:\/\/www.desmm.com\/blog\/wp-json\/wp\/v2\/posts\/515"}],"wp:attachment":[{"href":"https:\/\/www.desmm.com\/blog\/wp-json\/wp\/v2\/media?parent=3638"}],"wp:term":[{"taxonomy":"category","embeddable":true,"href":"https:\/\/www.desmm.com\/blog\/wp-json\/wp\/v2\/categories?post=3638"},{"taxonomy":"post_tag","embeddable":true,"href":"https:\/\/www.desmm.com\/blog\/wp-json\/wp\/v2\/tags?post=3638"}],"curies":[{"name":"wp","href":"https:\/\/api.w.org\/{rel}","templated":true}]}}