{"id":627,"date":"2008-04-11T10:13:42","date_gmt":"2008-04-11T08:13:42","guid":{"rendered":"http:\/\/www.desmm.com\/incontro-adobe-a-milano-627.html"},"modified":"2008-04-11T10:13:42","modified_gmt":"2008-04-11T08:13:42","slug":"flax-air-incontro-adobe-a-milano","status":"publish","type":"post","link":"https:\/\/www.desmm.com\/blog\/flax-air-incontro-adobe-a-milano-627.html","title":{"rendered":"Flax\/Air Incontro Adobe a Milano"},"content":{"rendered":"<p>Luned\u00ec 7 aprile ho avuto il piacere di assistere ad una presentazione di Adobe a Milano. Come me altri blogger italiani sono stati invitati a partecipare.<br \/>\nL&#8217;argomento trattato, Adoble Flex ed Air. A presentare il tutto Enrique Duvos (Product Specialist ed Evangelist di Adobe Systems) gi\u00e0 incontrato in occasione di Adobe Live 07. Non nascondo di non essere ancora un fan sfegatato di questa tecnologia, ma grazie a quest&#8217;occasione ho potuto assistere ai ai progressi di quest&#8217;ambiente, grazie ad interessanti esempi pratici.<\/p>\n<p class=\"splash\"><img decoding=\"async\" src=\"http:\/\/www.desmm.com\/wp-content\/uploads\/enrique_duvos_adobe.jpg\" alt=\"enrique adobe\" \/><\/p>\n<p><!--more-->Il grande merito di Flex \u00e8 quello di permettere di riuscire a creare (a quanto pare) senza enormi sforzi valide applicazioni, come cataloghi offline che all&#8217;occorrenza (grazie ad una connessione) aggiorna il proprio database. Un altro bell&#8217;esepio utilizzando le Api di Google, \u00e8 possibile personalizzare un proprio pannello statistiche Analytics. Tra <a href=\"http:\/\/www.adobe.com\/products\/air\/develop\/flex\/\">gli esempi<\/a> c&#8217;\u00e8 anche un client personalizzato che pu\u00f2 essere utile agli utenti eBay.<\/p>\n<p>Il limite rimane che questa tecnologia poco va incontro, a chi ha pretese di indicizzazione.<br \/>\nPer applicazioni online lo vedrei molto bene nel Backoffice di un CMS, o pannelli statistiche. Ma la grande qualit\u00e0 dell&#8217;accoppiata Flex\/Air \u00e8 la flessibilit\u00e0, infatti qualsiasi applicazione creata \u00e8 pienamente compatibile con tutti i sistemi operativi. L&#8217;esempio lampante che Enrique ci ha voluto mostrare, grazie ad l&#8217;utilizzo di una macchina virtuale sul proprio Mac, \u00e8 stato quello di trascinare l&#8217;icona di un&#8217;applicazione Air da Mac a Linux, come potete immaginare tutto ha funzionato alla perfezione.<\/p>\n<p>Un ringraziamento va a <a href=\"http:\/\/www.bursonmarsteller.it\/\">Burson Marsteller<\/a> in particolare modo ad Alessia che ha tenuto i contatti con i blogger.<\/p>\n<h3>Alcuni blogger presenti:<\/h3>\n<ul>\n<li><a href=\"http:\/\/www.danielesalamina.it\/adobe-air-flex-ric-frizzi-e-lazzi\">http:\/\/www.danielesalamina.it <\/a>(ringrazio la lista approfondienti)<\/li>\n<li><a href=\"http:\/\/www.free-os.it\/blog\/archives\/1485\">http:\/\/www.free-os.it<\/a> (ringrazio per l&#8217;immagine)<a href=\"http:\/\/www.free-os.it\/blog\/archives\/1485\"><br \/>\n<\/a><\/li>\n<li><a href=\"http:\/\/www.andreagiuliani.com\/adobe-incontra-i-blogger-114.html\">http:\/\/www.andreagiuliani.com<\/a><\/li>\n<li><a href=\"http:\/\/www.blogfans.it\/\">http:\/\/www.blogfans.it<\/a><\/li>\n<li><a href=\"http:\/\/www.thenorba.com\/\">http:\/\/www.thenorba.com<\/a><\/li>\n<\/ul>\n<h3>Per approfondire l\u2019argomento ecco qualche link:<\/h3>\n<ul>\n<li><a href=\"http:\/\/www.adobe.com\/cfusion\/exchange\/index.cfm?event=productHome&amp;exc=24&amp;loc=en_us\" target=\"_blank\">Adobe Air Marketplace<\/a> &#8211; Applicazioni realizzate il air<\/li>\n<li><a href=\"http:\/\/www.adobe.com\/it\/products\/air\/\">Adobe Air Home Page<\/a> &#8211; In italiano<\/li>\n<li><a href=\"http:\/\/get.adobe.com\/air\/\" title=\"Adobe AIR\" target=\"_blank\">Download Adobe AIR runtime<\/a><\/li>\n<li><a href=\"http:\/\/labs.adobe.com\/technologies\/air\/\">Adobe Air per Linux<\/a> &#8211; versione ancora Alpha<a href=\"http:\/\/labs.adobe.com\/technologies\/air\/\"><br \/>\n<\/a><\/li>\n<li><a href=\"http:\/\/www.undolog.com\/2008\/03\/22\/adobe-air-faq-tutto-quello-che-c-da-sapere\/\" target=\"_blank\">Info utili in Italiano<\/a><\/li>\n<li><a href=\"http:\/\/www.adobe.com\/it\/products\/flex\/\">Flex<\/a> &#8211; In italiano, per creare le RIC<\/li>\n<li><a href=\"http:\/\/www.adobe.com\/products\/air\/tools\/sdk\/\" title=\"Adobe AIR SDK\" target=\"_blank\">Adobe AIR SDK<\/a> &#8211; Per gli sviluppatori<\/li>\n<li><a href=\"http:\/\/www.adobe.com\/products\/mediaplayer\/\">Adobe Media Player<\/a> &#8211; Permette la visione in Full HD<\/li>\n<li><a href=\"http:\/\/www.juliusdesign.net\/creare-applicazioni-air-con-adobe-flash-cs3\/\" title=\"Permanent Link to Creare applicazioni AIR con Adobe Flash CS3\" rel=\"bookmark\">Creare applicazioni AIR con Adobe Flash CS3<\/a><\/li>\n<\/ul>\n","protected":false},"excerpt":{"rendered":"<p>Luned\u00ec 7 aprile ho avuto il piacere di assistere ad una presentazione di Adobe a Milano. Come me altri blogger italiani sono stati invitati a partecipare. L&#8217;argomento trattato, Adoble Flex ed Air. A presentare il tutto Enrique Duvos (Product Specialist ed Evangelist di Adobe Systems) gi\u00e0 incontrato in occasione di Adobe Live 07. Non nascondo&hellip;&nbsp;<a href=\"https:\/\/www.desmm.com\/blog\/flax-air-incontro-adobe-a-milano-627.html\" class=\"\" rel=\"bookmark\">Leggi tutto &raquo;<span class=\"screen-reader-text\">Flax\/Air Incontro Adobe a Milano<\/span><\/a><\/p>\n","protected":false},"author":1,"featured_media":0,"comment_status":"open","ping_status":"open","sticky":false,"template":"","format":"standard","meta":{"neve_meta_sidebar":"","neve_meta_container":"","neve_meta_enable_content_width":"","neve_meta_content_width":0,"neve_meta_title_alignment":"","neve_meta_author_avatar":"","neve_post_elements_order":"","neve_meta_disable_header":"","neve_meta_disable_footer":"","neve_meta_disable_title":"","footnotes":""},"categories":[1],"tags":[17,24,90],"class_list":["post-627","post","type-post","status-publish","format-standard","hentry","category-archivio","tag-adobe","tag-air","tag-flex"],"yoast_head":"<!-- This site is optimized with the Yoast SEO plugin v27.3 - https:\/\/yoast.com\/product\/yoast-seo-wordpress\/ -->\n<title>Flax\/Air Incontro Adobe a Milano &#8212; Design Multimedia<\/title>\n<meta name=\"robots\" content=\"index, follow, max-snippet:-1, max-image-preview:large, max-video-preview:-1\" \/>\n<link rel=\"canonical\" href=\"https:\/\/www.desmm.com\/blog\/flax-air-incontro-adobe-a-milano-627.html\" \/>\n<meta property=\"og:locale\" content=\"it_IT\" \/>\n<meta property=\"og:type\" content=\"article\" \/>\n<meta property=\"og:title\" content=\"Flax\/Air Incontro Adobe a Milano &#8212; Design Multimedia\" \/>\n<meta property=\"og:description\" content=\"Luned\u00ec 7 aprile ho avuto il piacere di assistere ad una presentazione di Adobe a Milano. Come me altri blogger italiani sono stati invitati a partecipare. L&#8217;argomento trattato, Adoble Flex ed Air. A presentare il tutto Enrique Duvos (Product Specialist ed Evangelist di Adobe Systems) gi\u00e0 incontrato in occasione di Adobe Live 07. Non nascondo&hellip;&nbsp;Leggi tutto &raquo;Flax\/Air Incontro Adobe a Milano\" \/>\n<meta property=\"og:url\" content=\"https:\/\/www.desmm.com\/blog\/flax-air-incontro-adobe-a-milano-627.html\" \/>\n<meta property=\"og:site_name\" content=\"Design Multimedia\" \/>\n<meta property=\"article:publisher\" content=\"https:\/\/www.facebook.com\/mastromarinomassimo\" \/>\n<meta property=\"article:author\" content=\"https:\/\/www.facebook.com\/mastromarinomassimo\" \/>\n<meta property=\"article:published_time\" content=\"2008-04-11T08:13:42+00:00\" \/>\n<meta property=\"og:image\" content=\"http:\/\/www.desmm.com\/wp-content\/uploads\/enrique_duvos_adobe.jpg\" \/>\n<meta name=\"author\" content=\"Massimo Mastromarino\" \/>\n<meta name=\"twitter:label1\" content=\"Scritto da\" \/>\n\t<meta name=\"twitter:data1\" content=\"Massimo Mastromarino\" \/>\n\t<meta name=\"twitter:label2\" content=\"Tempo di lettura stimato\" \/>\n\t<meta name=\"twitter:data2\" content=\"2 minuti\" \/>\n<script type=\"application\/ld+json\" class=\"yoast-schema-graph\">{\"@context\":\"https:\\\/\\\/schema.org\",\"@graph\":[{\"@type\":\"Article\",\"@id\":\"https:\\\/\\\/www.desmm.com\\\/blog\\\/flax-air-incontro-adobe-a-milano-627.html#article\",\"isPartOf\":{\"@id\":\"https:\\\/\\\/www.desmm.com\\\/blog\\\/flax-air-incontro-adobe-a-milano-627.html\"},\"author\":{\"name\":\"Massimo Mastromarino\",\"@id\":\"https:\\\/\\\/www.desmm.com\\\/blog\\\/#\\\/schema\\\/person\\\/a7ab14a3628e686b497dd4af81817156\"},\"headline\":\"Flax\\\/Air Incontro Adobe a Milano\",\"datePublished\":\"2008-04-11T08:13:42+00:00\",\"mainEntityOfPage\":{\"@id\":\"https:\\\/\\\/www.desmm.com\\\/blog\\\/flax-air-incontro-adobe-a-milano-627.html\"},\"wordCount\":367,\"commentCount\":10,\"publisher\":{\"@id\":\"https:\\\/\\\/www.desmm.com\\\/blog\\\/#\\\/schema\\\/person\\\/a7ab14a3628e686b497dd4af81817156\"},\"image\":{\"@id\":\"https:\\\/\\\/www.desmm.com\\\/blog\\\/flax-air-incontro-adobe-a-milano-627.html#primaryimage\"},\"thumbnailUrl\":\"http:\\\/\\\/www.desmm.com\\\/wp-content\\\/uploads\\\/enrique_duvos_adobe.jpg\",\"keywords\":[\"adobe\",\"air\",\"flex\"],\"articleSection\":[\"Archivio\"],\"inLanguage\":\"it-IT\",\"potentialAction\":[{\"@type\":\"CommentAction\",\"name\":\"Comment\",\"target\":[\"https:\\\/\\\/www.desmm.com\\\/blog\\\/flax-air-incontro-adobe-a-milano-627.html#respond\"]}]},{\"@type\":\"WebPage\",\"@id\":\"https:\\\/\\\/www.desmm.com\\\/blog\\\/flax-air-incontro-adobe-a-milano-627.html\",\"url\":\"https:\\\/\\\/www.desmm.com\\\/blog\\\/flax-air-incontro-adobe-a-milano-627.html\",\"name\":\"Flax\\\/Air Incontro Adobe a Milano &#8212; Design Multimedia\",\"isPartOf\":{\"@id\":\"https:\\\/\\\/www.desmm.com\\\/blog\\\/#website\"},\"primaryImageOfPage\":{\"@id\":\"https:\\\/\\\/www.desmm.com\\\/blog\\\/flax-air-incontro-adobe-a-milano-627.html#primaryimage\"},\"image\":{\"@id\":\"https:\\\/\\\/www.desmm.com\\\/blog\\\/flax-air-incontro-adobe-a-milano-627.html#primaryimage\"},\"thumbnailUrl\":\"http:\\\/\\\/www.desmm.com\\\/wp-content\\\/uploads\\\/enrique_duvos_adobe.jpg\",\"datePublished\":\"2008-04-11T08:13:42+00:00\",\"breadcrumb\":{\"@id\":\"https:\\\/\\\/www.desmm.com\\\/blog\\\/flax-air-incontro-adobe-a-milano-627.html#breadcrumb\"},\"inLanguage\":\"it-IT\",\"potentialAction\":[{\"@type\":\"ReadAction\",\"target\":[\"https:\\\/\\\/www.desmm.com\\\/blog\\\/flax-air-incontro-adobe-a-milano-627.html\"]}]},{\"@type\":\"ImageObject\",\"inLanguage\":\"it-IT\",\"@id\":\"https:\\\/\\\/www.desmm.com\\\/blog\\\/flax-air-incontro-adobe-a-milano-627.html#primaryimage\",\"url\":\"http:\\\/\\\/www.desmm.com\\\/wp-content\\\/uploads\\\/enrique_duvos_adobe.jpg\",\"contentUrl\":\"http:\\\/\\\/www.desmm.com\\\/wp-content\\\/uploads\\\/enrique_duvos_adobe.jpg\"},{\"@type\":\"BreadcrumbList\",\"@id\":\"https:\\\/\\\/www.desmm.com\\\/blog\\\/flax-air-incontro-adobe-a-milano-627.html#breadcrumb\",\"itemListElement\":[{\"@type\":\"ListItem\",\"position\":1,\"name\":\"Home\",\"item\":\"https:\\\/\\\/www.desmm.com\\\/blog\"},{\"@type\":\"ListItem\",\"position\":2,\"name\":\"Flax\\\/Air Incontro Adobe a Milano\"}]},{\"@type\":\"WebSite\",\"@id\":\"https:\\\/\\\/www.desmm.com\\\/blog\\\/#website\",\"url\":\"https:\\\/\\\/www.desmm.com\\\/blog\\\/\",\"name\":\"Design Multimedia\",\"description\":\"design inspiration blog\",\"publisher\":{\"@id\":\"https:\\\/\\\/www.desmm.com\\\/blog\\\/#\\\/schema\\\/person\\\/a7ab14a3628e686b497dd4af81817156\"},\"potentialAction\":[{\"@type\":\"SearchAction\",\"target\":{\"@type\":\"EntryPoint\",\"urlTemplate\":\"https:\\\/\\\/www.desmm.com\\\/blog\\\/?s={search_term_string}\"},\"query-input\":{\"@type\":\"PropertyValueSpecification\",\"valueRequired\":true,\"valueName\":\"search_term_string\"}}],\"inLanguage\":\"it-IT\"},{\"@type\":[\"Person\",\"Organization\"],\"@id\":\"https:\\\/\\\/www.desmm.com\\\/blog\\\/#\\\/schema\\\/person\\\/a7ab14a3628e686b497dd4af81817156\",\"name\":\"Massimo Mastromarino\",\"image\":{\"@type\":\"ImageObject\",\"inLanguage\":\"it-IT\",\"@id\":\"https:\\\/\\\/secure.gravatar.com\\\/avatar\\\/aafebde2159dc668c566c09f75e4a5ba861a88dd27c448472735e83b75d071a8?s=96&d=mm&r=g\",\"url\":\"https:\\\/\\\/secure.gravatar.com\\\/avatar\\\/aafebde2159dc668c566c09f75e4a5ba861a88dd27c448472735e83b75d071a8?s=96&d=mm&r=g\",\"contentUrl\":\"https:\\\/\\\/secure.gravatar.com\\\/avatar\\\/aafebde2159dc668c566c09f75e4a5ba861a88dd27c448472735e83b75d071a8?s=96&d=mm&r=g\",\"caption\":\"Massimo Mastromarino\"},\"logo\":{\"@id\":\"https:\\\/\\\/secure.gravatar.com\\\/avatar\\\/aafebde2159dc668c566c09f75e4a5ba861a88dd27c448472735e83b75d071a8?s=96&d=mm&r=g\"},\"sameAs\":[\"https:\\\/\\\/www.facebook.com\\\/mastromarinomassimo\",\"https:\\\/\\\/x.com\\\/desmm\"]}]}<\/script>\n<!-- \/ Yoast SEO plugin. -->","yoast_head_json":{"title":"Flax\/Air Incontro Adobe a Milano &#8212; Design Multimedia","robots":{"index":"index","follow":"follow","max-snippet":"max-snippet:-1","max-image-preview":"max-image-preview:large","max-video-preview":"max-video-preview:-1"},"canonical":"https:\/\/www.desmm.com\/blog\/flax-air-incontro-adobe-a-milano-627.html","og_locale":"it_IT","og_type":"article","og_title":"Flax\/Air Incontro Adobe a Milano &#8212; Design Multimedia","og_description":"Luned\u00ec 7 aprile ho avuto il piacere di assistere ad una presentazione di Adobe a Milano. Come me altri blogger italiani sono stati invitati a partecipare. L&#8217;argomento trattato, Adoble Flex ed Air. A presentare il tutto Enrique Duvos (Product Specialist ed Evangelist di Adobe Systems) gi\u00e0 incontrato in occasione di Adobe Live 07. Non nascondo&hellip;&nbsp;Leggi tutto &raquo;Flax\/Air Incontro Adobe a Milano","og_url":"https:\/\/www.desmm.com\/blog\/flax-air-incontro-adobe-a-milano-627.html","og_site_name":"Design Multimedia","article_publisher":"https:\/\/www.facebook.com\/mastromarinomassimo","article_author":"https:\/\/www.facebook.com\/mastromarinomassimo","article_published_time":"2008-04-11T08:13:42+00:00","og_image":[{"url":"http:\/\/www.desmm.com\/wp-content\/uploads\/enrique_duvos_adobe.jpg","type":"","width":"","height":""}],"author":"Massimo Mastromarino","twitter_misc":{"Scritto da":"Massimo Mastromarino","Tempo di lettura stimato":"2 minuti"},"schema":{"@context":"https:\/\/schema.org","@graph":[{"@type":"Article","@id":"https:\/\/www.desmm.com\/blog\/flax-air-incontro-adobe-a-milano-627.html#article","isPartOf":{"@id":"https:\/\/www.desmm.com\/blog\/flax-air-incontro-adobe-a-milano-627.html"},"author":{"name":"Massimo Mastromarino","@id":"https:\/\/www.desmm.com\/blog\/#\/schema\/person\/a7ab14a3628e686b497dd4af81817156"},"headline":"Flax\/Air Incontro Adobe a Milano","datePublished":"2008-04-11T08:13:42+00:00","mainEntityOfPage":{"@id":"https:\/\/www.desmm.com\/blog\/flax-air-incontro-adobe-a-milano-627.html"},"wordCount":367,"commentCount":10,"publisher":{"@id":"https:\/\/www.desmm.com\/blog\/#\/schema\/person\/a7ab14a3628e686b497dd4af81817156"},"image":{"@id":"https:\/\/www.desmm.com\/blog\/flax-air-incontro-adobe-a-milano-627.html#primaryimage"},"thumbnailUrl":"http:\/\/www.desmm.com\/wp-content\/uploads\/enrique_duvos_adobe.jpg","keywords":["adobe","air","flex"],"articleSection":["Archivio"],"inLanguage":"it-IT","potentialAction":[{"@type":"CommentAction","name":"Comment","target":["https:\/\/www.desmm.com\/blog\/flax-air-incontro-adobe-a-milano-627.html#respond"]}]},{"@type":"WebPage","@id":"https:\/\/www.desmm.com\/blog\/flax-air-incontro-adobe-a-milano-627.html","url":"https:\/\/www.desmm.com\/blog\/flax-air-incontro-adobe-a-milano-627.html","name":"Flax\/Air Incontro Adobe a Milano &#8212; Design Multimedia","isPartOf":{"@id":"https:\/\/www.desmm.com\/blog\/#website"},"primaryImageOfPage":{"@id":"https:\/\/www.desmm.com\/blog\/flax-air-incontro-adobe-a-milano-627.html#primaryimage"},"image":{"@id":"https:\/\/www.desmm.com\/blog\/flax-air-incontro-adobe-a-milano-627.html#primaryimage"},"thumbnailUrl":"http:\/\/www.desmm.com\/wp-content\/uploads\/enrique_duvos_adobe.jpg","datePublished":"2008-04-11T08:13:42+00:00","breadcrumb":{"@id":"https:\/\/www.desmm.com\/blog\/flax-air-incontro-adobe-a-milano-627.html#breadcrumb"},"inLanguage":"it-IT","potentialAction":[{"@type":"ReadAction","target":["https:\/\/www.desmm.com\/blog\/flax-air-incontro-adobe-a-milano-627.html"]}]},{"@type":"ImageObject","inLanguage":"it-IT","@id":"https:\/\/www.desmm.com\/blog\/flax-air-incontro-adobe-a-milano-627.html#primaryimage","url":"http:\/\/www.desmm.com\/wp-content\/uploads\/enrique_duvos_adobe.jpg","contentUrl":"http:\/\/www.desmm.com\/wp-content\/uploads\/enrique_duvos_adobe.jpg"},{"@type":"BreadcrumbList","@id":"https:\/\/www.desmm.com\/blog\/flax-air-incontro-adobe-a-milano-627.html#breadcrumb","itemListElement":[{"@type":"ListItem","position":1,"name":"Home","item":"https:\/\/www.desmm.com\/blog"},{"@type":"ListItem","position":2,"name":"Flax\/Air Incontro Adobe a Milano"}]},{"@type":"WebSite","@id":"https:\/\/www.desmm.com\/blog\/#website","url":"https:\/\/www.desmm.com\/blog\/","name":"Design Multimedia","description":"design inspiration blog","publisher":{"@id":"https:\/\/www.desmm.com\/blog\/#\/schema\/person\/a7ab14a3628e686b497dd4af81817156"},"potentialAction":[{"@type":"SearchAction","target":{"@type":"EntryPoint","urlTemplate":"https:\/\/www.desmm.com\/blog\/?s={search_term_string}"},"query-input":{"@type":"PropertyValueSpecification","valueRequired":true,"valueName":"search_term_string"}}],"inLanguage":"it-IT"},{"@type":["Person","Organization"],"@id":"https:\/\/www.desmm.com\/blog\/#\/schema\/person\/a7ab14a3628e686b497dd4af81817156","name":"Massimo Mastromarino","image":{"@type":"ImageObject","inLanguage":"it-IT","@id":"https:\/\/secure.gravatar.com\/avatar\/aafebde2159dc668c566c09f75e4a5ba861a88dd27c448472735e83b75d071a8?s=96&d=mm&r=g","url":"https:\/\/secure.gravatar.com\/avatar\/aafebde2159dc668c566c09f75e4a5ba861a88dd27c448472735e83b75d071a8?s=96&d=mm&r=g","contentUrl":"https:\/\/secure.gravatar.com\/avatar\/aafebde2159dc668c566c09f75e4a5ba861a88dd27c448472735e83b75d071a8?s=96&d=mm&r=g","caption":"Massimo Mastromarino"},"logo":{"@id":"https:\/\/secure.gravatar.com\/avatar\/aafebde2159dc668c566c09f75e4a5ba861a88dd27c448472735e83b75d071a8?s=96&d=mm&r=g"},"sameAs":["https:\/\/www.facebook.com\/mastromarinomassimo","https:\/\/x.com\/desmm"]}]}},"_links":{"self":[{"href":"https:\/\/www.desmm.com\/blog\/wp-json\/wp\/v2\/posts\/627","targetHints":{"allow":["GET"]}}],"collection":[{"href":"https:\/\/www.desmm.com\/blog\/wp-json\/wp\/v2\/posts"}],"about":[{"href":"https:\/\/www.desmm.com\/blog\/wp-json\/wp\/v2\/types\/post"}],"author":[{"embeddable":true,"href":"https:\/\/www.desmm.com\/blog\/wp-json\/wp\/v2\/users\/1"}],"replies":[{"embeddable":true,"href":"https:\/\/www.desmm.com\/blog\/wp-json\/wp\/v2\/comments?post=627"}],"version-history":[{"count":0,"href":"https:\/\/www.desmm.com\/blog\/wp-json\/wp\/v2\/posts\/627\/revisions"}],"wp:attachment":[{"href":"https:\/\/www.desmm.com\/blog\/wp-json\/wp\/v2\/media?parent=627"}],"wp:term":[{"taxonomy":"category","embeddable":true,"href":"https:\/\/www.desmm.com\/blog\/wp-json\/wp\/v2\/categories?post=627"},{"taxonomy":"post_tag","embeddable":true,"href":"https:\/\/www.desmm.com\/blog\/wp-json\/wp\/v2\/tags?post=627"}],"curies":[{"name":"wp","href":"https:\/\/api.w.org\/{rel}","templated":true}]}}